{"id":2868,"date":"2019-10-28T13:25:01","date_gmt":"2019-10-28T13:25:01","guid":{"rendered":"https:\/\/musicandmore.ro\/blog\/?p=2868"},"modified":"2019-10-28T13:25:02","modified_gmt":"2019-10-28T13:25:02","slug":"scena-portabila-pentru-concerte-conferinte-spectacole-acum-doar-la-music-and-more","status":"publish","type":"post","link":"https:\/\/musicandmore.ro\/blog\/scena-portabila-pentru-concerte-conferinte-spectacole-acum-doar-la-music-and-more\/","title":{"rendered":"Scena Portabila Pentru Concerte, Conferinte, Spectacole &#8211; Acum Doar La Music And More"},"content":{"rendered":"\n<p>Music and More v\u0103 prezint\u0103, \u00een premier\u0103, cea mai portabil\u0103 \u0219i la \u00eendem\u00e2n\u0103 solu\u021bie pentru cei ce doresc s\u0103 organizeze un eveniment \u00een cel mai profesionist mod, f\u0103r\u0103 a se complica cu kit-uri grele, voluminoase \u0219i care dep\u0103\u0219esc bugetele multora.<\/p>\n\n\n\n<div class=\"wp-block-image\"><figure class=\"aligncenter\"><img loading=\"lazy\" decoding=\"async\" width=\"700\" height=\"525\" src=\"https:\/\/musicandmore.ro\/blog\/wp-content\/uploads\/2019\/10\/scena_inchiriere-2.jpg\" alt=\"\" class=\"wp-image-2870\" srcset=\"https:\/\/musicandmore.ro\/blog\/wp-content\/uploads\/2019\/10\/scena_inchiriere-2.jpg 700w, https:\/\/musicandmore.ro\/blog\/wp-content\/uploads\/2019\/10\/scena_inchiriere-2-300x225.jpg 300w, https:\/\/musicandmore.ro\/blog\/wp-content\/uploads\/2019\/10\/scena_inchiriere-2-175x131.jpg 175w, https:\/\/musicandmore.ro\/blog\/wp-content\/uploads\/2019\/10\/scena_inchiriere-2-667x500.jpg 667w\" sizes=\"(max-width: 700px) 100vw, 700px\" \/><\/figure><\/div>\n\n\n\n<p>Acest kit de scen\u0103 (2x4m \/ 8 m\u00b2 &amp; o \u00een\u0103l\u021bime de 40cm de la sol), combin\u0103 traverse de aluminiu \u0219i platforme acoperite cu material antiderapant pentru a oferi un transport \u0219i montaj u\u0219or.<\/p>\n\n\n\n<div class=\"wp-block-image\"><figure class=\"aligncenter\"><img loading=\"lazy\" decoding=\"async\" width=\"700\" height=\"525\" src=\"https:\/\/musicandmore.ro\/blog\/wp-content\/uploads\/2019\/10\/scena_inchiriere-3.jpg\" alt=\"\" class=\"wp-image-2871\" srcset=\"https:\/\/musicandmore.ro\/blog\/wp-content\/uploads\/2019\/10\/scena_inchiriere-3.jpg 700w, https:\/\/musicandmore.ro\/blog\/wp-content\/uploads\/2019\/10\/scena_inchiriere-3-300x225.jpg 300w, https:\/\/musicandmore.ro\/blog\/wp-content\/uploads\/2019\/10\/scena_inchiriere-3-175x131.jpg 175w, https:\/\/musicandmore.ro\/blog\/wp-content\/uploads\/2019\/10\/scena_inchiriere-3-667x500.jpg 667w\" sizes=\"(max-width: 700px) 100vw, 700px\" \/><\/figure><\/div>\n\n\n\n<p>Dimensiunea este ideal\u0103 pentru evenimente \u00een cadrul \u0219colii, produc\u021bii video sau ca spa\u021biu suplimentar pentru scen\u0103, cu o capacitate de \u00eenc\u0103rcare de p\u00e2n\u0103 la 800kg\/m\u00b2; simplu de configurat \u0219i demontat.<\/p>\n\n\n\n<ul><li>Ideal\u0103 pentru \u0219coli, s\u0103li de sport, conferin\u021be, workshop-uri<\/li><li>Setare simpl\u0103 in 3 pa\u0219i!<\/li><li>Pliabil pentru depozitare \u0219i transport<\/li><li>Cadru de aluminiu<\/li><li>Suprafa\u021b\u0103 antiderapant\u0103 durabil\u0103<\/li><li>8 buc &#8211; platform\u0103&nbsp;de 1 x 1 metri (8 m\u00b2)<\/li><li>1 buc &#8211;&nbsp;scar\u0103 de acces de 100&nbsp;x 40 cm<\/li><\/ul>\n\n\n\n<p>Dac\u0103&nbsp;\u00ee\u021bi dore\u0219ti sa \u00eenchiriezi* acest echipament, trimite un e-mail la adresa&nbsp;<a href=\"mailto:customer@musicandmore.ro?subject=Inchiriere\">customer@musicandmore.ro<\/a>&nbsp;cu textul:&nbsp;<strong>inchiriere&nbsp;<\/strong><strong>116407<\/strong><\/p>\n\n\n\n<p><strong><em>*Transportul&nbsp;nu&nbsp;este asigurat.&nbsp;V\u0103&nbsp;vom oferi o cota\u021bie dup\u0103&nbsp;ce ne furniza\u021bi adresa dvs.<\/em><\/strong><\/p>\n","protected":false},"excerpt":{"rendered":"<p>Music and More v\u0103 prezint\u0103, \u00een premier\u0103, cea mai portabil\u0103 \u0219i la \u00eendem\u00e2n\u0103 solu\u021bie pentru cei ce doresc s\u0103 organizeze un eveniment \u00een cel mai profesionist mod, f\u0103r\u0103 a se <a href=\"https:\/\/musicandmore.ro\/blog\/scena-portabila-pentru-concerte-conferinte-spectacole-acum-doar-la-music-and-more\/\" class=\"more-link\">[&hellip;]<\/a><\/p>\n","protected":false},"author":259,"featured_media":2869,"comment_status":"closed","ping_status":"closed","sticky":false,"template":"","format":"standard","meta":{"Layout":"","footnotes":""},"categories":[154],"tags":[106,155,156,108],"_links":{"self":[{"href":"https:\/\/musicandmore.ro\/blog\/wp-json\/wp\/v2\/posts\/2868"}],"collection":[{"href":"https:\/\/musicandmore.ro\/blog\/wp-json\/wp\/v2\/posts"}],"about":[{"href":"https:\/\/musicandmore.ro\/blog\/wp-json\/wp\/v2\/types\/post"}],"author":[{"embeddable":true,"href":"https:\/\/musicandmore.ro\/blog\/wp-json\/wp\/v2\/users\/259"}],"replies":[{"embeddable":true,"href":"https:\/\/musicandmore.ro\/blog\/wp-json\/wp\/v2\/comments?post=2868"}],"version-history":[{"count":2,"href":"https:\/\/musicandmore.ro\/blog\/wp-json\/wp\/v2\/posts\/2868\/revisions"}],"predecessor-version":[{"id":2873,"href":"https:\/\/musicandmore.ro\/blog\/wp-json\/wp\/v2\/posts\/2868\/revisions\/2873"}],"wp:featuredmedia":[{"embeddable":true,"href":"https:\/\/musicandmore.ro\/blog\/wp-json\/wp\/v2\/media\/2869"}],"wp:attachment":[{"href":"https:\/\/musicandmore.ro\/blog\/wp-json\/wp\/v2\/media?parent=2868"}],"wp:term":[{"taxonomy":"category","embeddable":true,"href":"https:\/\/musicandmore.ro\/blog\/wp-json\/wp\/v2\/categories?post=2868"},{"taxonomy":"post_tag","embeddable":true,"href":"https:\/\/musicandmore.ro\/blog\/wp-json\/wp\/v2\/tags?post=2868"}],"curies":[{"name":"wp","href":"https:\/\/api.w.org\/{rel}","templated":true}]}}